{"id":3661,"date":"2019-03-21T14:20:13","date_gmt":"2019-03-21T13:20:13","guid":{"rendered":"http:\/\/www.poteriedelacure.fr\/?p=3661"},"modified":"2019-03-21T14:34:35","modified_gmt":"2019-03-21T13:34:35","slug":"matieres-a","status":"publish","type":"post","link":"https:\/\/www.poteriedelacure.fr\/index.php\/2019\/03\/21\/matieres-a\/","title":{"rendered":""},"content":{"rendered":"<div  class=\"tatsu-icomprd3i66e7luo tatsu-section    tatsu-clearfix\" data-title=\"\"  data-headerscheme=\"background--dark\"><div class='tatsu-section-pad clearfix' data-padding='90px 0px 90px 0px' data-padding-top='90px'><div class=\"tatsu-row-wrap  tatsu-wrap tatsu-row-has-one-half tatsu-row-has-two-cols tatsu-medium-gutter tatsu-reg-cols  tatsu-clearfix tatsu-icomprd47t2430vl\" ><div  class=\"tatsu-row \" ><div  class=\"tatsu-column  tatsu-column-no-bg tatsu-one-half tatsu-column-image- tatsu-column-effect-  tatsu-icomprd4cmcd6bsh\" data-animation=\"fadeIn\"   data-parallax-speed=\"0\" style=\"\"><div class=\"tatsu-column-inner \" ><div class=\"tatsu-column-pad-wrap\"><div class=\"tatsu-column-pad\" ><div  class=\"tatsu-single-image tatsu-module align-center tatsu-external-image tatsu-icomprd4izeozu7t  \" data-animation=\"fadeIn\"  ><div class=\"tatsu-single-image-inner \" style=\"\" ><div class = \"tatsu-single-image-padding-wrap\" style = \"\" ><\/div><img class = \"tatsu-gradient-border\" src = \"http:\/\/www.poteriedelacure.fr\/wp-content\/uploads\/2019\/03\/Capture-d\u2019e\u0301cran-2019-03-21-a\u0300-14.23.01-300x160.png\" \/><\/div><style>.tatsu-icomprd4izeozu7t{margin: 0px 0px 0px 0px;}.tatsu-icomprd4izeozu7t .tatsu-single-image-inner{border-width: 44px;}<\/style><\/div><\/div><\/div><div class = \"tatsu-column-bg-image-wrap\"><div class = \"tatsu-column-bg-image\" ><\/div><\/div><\/div><style>.tatsu-icomprd4cmcd6bsh.tatsu-column > .tatsu-column-inner > .tatsu-column-pad-wrap > .tatsu-column-pad{padding: 0px 0px 0px 0px;}.tatsu-icomprd4cmcd6bsh.tatsu-column > .tatsu-column-inner{border-width: 0 0 0 0;}.tatsu-icomprd4cmcd6bsh.tatsu-column > .tatsu-column-inner > .tatsu-column-overlay{mix-blend-mode: none;}.tatsu-icomprd4cmcd6bsh > .tatsu-column-inner > .tatsu-top-divider{z-index: 9999;}.tatsu-icomprd4cmcd6bsh > .tatsu-column-inner > .tatsu-bottom-divider{z-index: 9999;}.tatsu-icomprd4cmcd6bsh > .tatsu-column-inner > .tatsu-left-divider{z-index: 9999;}.tatsu-icomprd4cmcd6bsh > .tatsu-column-inner > .tatsu-right-divider{z-index: 9999;}.tatsu-icomprd4cmcd6bsh.tatsu-column{transform: translate3d(0px,0px, 0);}<\/style><\/div><div  class=\"tatsu-column  tatsu-column-no-bg tatsu-one-half tatsu-column-image- tatsu-column-effect-  tatsu-icomprd4lm2fxuxy\" data-animation=\"fadeIn\"   data-parallax-speed=\"0\" style=\"\"><div class=\"tatsu-column-inner \" ><div class=\"tatsu-column-pad-wrap\"><div class=\"tatsu-column-pad\" ><div  class=\"tatsu-module tatsu-inline-text clearfix tatsu-icomprd4qu3yv79i   \" ><style>.tatsu-icomprd4qu3yv79i.tatsu-inline-text{margin: 0px 0px 30px 0px;}.tatsu-icomprd4qu3yv79i .tatsu-inline-text-inner{width: 100%;}<\/style><div class=\"tatsu-inline-text-inner \">\n<p>&nbsp;<\/p>\n<h5 id=\"seo_h1_tag\" class=\"_5gmx\" data-testid=\"event-permalink-event-name\"><strong>Exposition \u00ab\u00a0Mati&egrave;res A\u00a0\u00bb <\/strong><strong>&#8211; 05\/28 avril 2019<\/strong><\/h5>\n<h6 class=\"_5gmx\" data-testid=\"event-permalink-event-name\"><strong><strong class=\"subTitle\">Du lundi au jeudi 14h30-18h <\/strong><\/strong><\/h6>\n<h6 class=\"_5gmx\" data-testid=\"event-permalink-event-name\"><strong><strong class=\"subTitle\">et du vendredi au dimanche 10h-12h30 et 14h30-18h<\/strong><\/strong><\/h6>\n<p>&nbsp;<\/p>\n<p>Cette exposition est l&rsquo;occasion de d&eacute;couvrir les d&eacute;marches cr&eacute;atives de 6 artisans d&rsquo;art travaillant 6 mati&egrave;res parfois surprenantes&#8230;<br \/> Sous les mains d&rsquo;&Eacute;milie Gri&egrave;re et de J&eacute;r&eacute;mie Bernard, le silicone se fait lumi&egrave;re.<br \/> Nathana&euml;l Tox&eacute;, lui, d&eacute;veloppe la diversit&eacute; des moyens d&rsquo;expression de la terre.<br \/> Les cr&eacute;ations en verre de Julia Robert refl&egrave;tent sa fascination pour cette mati&egrave;re riche de nuances, de formes et de textures.<br \/> Jean-Sylvain Masse sublime les qualit&eacute;s esth&eacute;tiques naturelles du bois.<br \/> Maud Vernay travaille le feutre de laine pour des cr&eacute;ations nobles et naturelles.<br \/> Zo&eacute; Montagu allie la tradition et le design dans ses cr&eacute;ations tiss&eacute;es en crin de cheval&#8230;<\/p>\n<p>L&rsquo;exposition est aussi l&rsquo;occasion de vous essayer &agrave; certaines techniques : rendez-vous tout le moins d&rsquo;avril pour des stages, des<br \/> d&eacute;monstrations et des rencontres avec les artisans d&rsquo;art !<\/p>\n<p>&nbsp;<\/p>\n<p>&nbsp;<\/p>\n<\/div><\/div><div  class=\"tatsu-module tatsu-normal-button tatsu-button-wrap align-block block-center  tatsu-icomprd4sa2z5954   \"><a class=\"tatsu-shortcode smallbtn tatsu-button left-icon rounded   bg-animation-none  \" href=\"http:\/\/www.lacure.fr\/saison-culturelle\/saison-culturelle-de-roannais-agglomeration-877\/2019\/4\/5\/exposition-matieres-a-5867.html?cHash=0352f8b14c60379c37ae1e956d251af8\" style= \"\" data-animation=\"fadeIn\"   aria-label=\"Plus d'infos ici \" data-gdpr-atts={} target=\"_blank\">Plus d'infos ici <\/a><style>.tatsu-icomprd4sa2z5954 .tatsu-button{background-color: #0ab2d3;color: #ffffff ;}<\/style><\/div><\/div><\/div><div class = \"tatsu-column-bg-image-wrap\"><div class = \"tatsu-column-bg-image\" ><\/div><\/div><\/div><style>.tatsu-icomprd4lm2fxuxy.tatsu-column > .tatsu-column-inner > .tatsu-column-pad-wrap > .tatsu-column-pad{padding: 0px 0px 0px 0px;}.tatsu-icomprd4lm2fxuxy.tatsu-column > .tatsu-column-inner{border-width: 0 0 0 0;}.tatsu-icomprd4lm2fxuxy.tatsu-column > .tatsu-column-inner > .tatsu-column-overlay{mix-blend-mode: none;}.tatsu-icomprd4lm2fxuxy > .tatsu-column-inner > .tatsu-top-divider{z-index: 9999;}.tatsu-icomprd4lm2fxuxy > .tatsu-column-inner > .tatsu-bottom-divider{z-index: 9999;}.tatsu-icomprd4lm2fxuxy > .tatsu-column-inner > .tatsu-left-divider{z-index: 9999;}.tatsu-icomprd4lm2fxuxy > .tatsu-column-inner > .tatsu-right-divider{z-index: 9999;}.tatsu-icomprd4lm2fxuxy.tatsu-column{transform: translate3d(0px,0px, 0);}<\/style><\/div><\/div><\/div><\/div><div class=\"tatsu-section-background-wrap\"><div class = \"tatsu-section-background\" ><\/div><\/div><style>.tatsu-icomprd3i66e7luo .tatsu-section-pad{padding: 90px 0px 90px 0px;}.tatsu-icomprd3i66e7luo.tatsu-section{margin: 0px 0px 0px 0px;}.tatsu-icomprd3i66e7luo > .tatsu-bottom-divider{z-index: 9999;}.tatsu-icomprd3i66e7luo > .tatsu-top-divider{z-index: 9999;}<\/style><\/div>\n","protected":false},"excerpt":{"rendered":"<p><a href=\"https:\/\/www.poteriedelacure.fr\/index.php\/2019\/03\/21\/matieres-a\/\" class=\"more-link style3-button\">Read More<\/a><\/p>","protected":false},"author":1,"featured_media":0,"comment_status":"closed","ping_status":"open","sticky":false,"template":"","format":"standard","meta":{"footnotes":""},"categories":[1],"tags":[],"class_list":["post-3661","post","type-post","status-publish","format-standard","hentry","category-non-classe"],"yoast_head":"<!-- This site is optimized with the Yoast SEO plugin v26.6 - https:\/\/yoast.com\/wordpress\/plugins\/seo\/ -->\n<title>- Poterie de la Cure<\/title>\n<meta name=\"robots\" content=\"index, follow, max-snippet:-1, max-image-preview:large, max-video-preview:-1\" \/>\n<link rel=\"canonical\" href=\"https:\/\/www.poteriedelacure.fr\/index.php\/2019\/03\/21\/matieres-a\/\" \/>\n<meta property=\"og:locale\" content=\"fr_FR\" \/>\n<meta property=\"og:type\" content=\"article\" \/>\n<meta property=\"og:title\" content=\"- Poterie de la Cure\" \/>\n<meta property=\"og:url\" content=\"https:\/\/www.poteriedelacure.fr\/index.php\/2019\/03\/21\/matieres-a\/\" \/>\n<meta property=\"og:site_name\" content=\"Poterie de la Cure\" \/>\n<meta property=\"article:publisher\" content=\"https:\/\/facebook\/poteriedelacure\" \/>\n<meta property=\"article:published_time\" content=\"2019-03-21T13:20:13+00:00\" \/>\n<meta property=\"article:modified_time\" content=\"2019-03-21T13:34:35+00:00\" \/>\n<meta name=\"author\" content=\"poteriedelacure\" \/>\n<meta name=\"twitter:card\" content=\"summary_large_image\" \/>\n<meta name=\"twitter:label1\" content=\"\u00c9crit par\" \/>\n\t<meta name=\"twitter:data1\" content=\"poteriedelacure\" \/>\n\t<meta name=\"twitter:label2\" content=\"Dur\u00e9e de lecture estim\u00e9e\" \/>\n\t<meta name=\"twitter:data2\" content=\"3 minutes\" \/>\n<script type=\"application\/ld+json\" class=\"yoast-schema-graph\">{\"@context\":\"https:\/\/schema.org\",\"@graph\":[{\"@type\":\"Article\",\"@id\":\"https:\/\/www.poteriedelacure.fr\/index.php\/2019\/03\/21\/matieres-a\/#article\",\"isPartOf\":{\"@id\":\"https:\/\/www.poteriedelacure.fr\/index.php\/2019\/03\/21\/matieres-a\/\"},\"author\":{\"name\":\"poteriedelacure\",\"@id\":\"https:\/\/www.poteriedelacure.fr\/#\/schema\/person\/0cb9baf70ea6da28985c46b90ec2f611\"},\"headline\":\"Aucun titre\",\"datePublished\":\"2019-03-21T13:20:13+00:00\",\"dateModified\":\"2019-03-21T13:34:35+00:00\",\"mainEntityOfPage\":{\"@id\":\"https:\/\/www.poteriedelacure.fr\/index.php\/2019\/03\/21\/matieres-a\/\"},\"wordCount\":598,\"publisher\":{\"@id\":\"https:\/\/www.poteriedelacure.fr\/#organization\"},\"inLanguage\":\"fr-FR\"},{\"@type\":\"WebPage\",\"@id\":\"https:\/\/www.poteriedelacure.fr\/index.php\/2019\/03\/21\/matieres-a\/\",\"url\":\"https:\/\/www.poteriedelacure.fr\/index.php\/2019\/03\/21\/matieres-a\/\",\"name\":\"- Poterie de la Cure\",\"isPartOf\":{\"@id\":\"https:\/\/www.poteriedelacure.fr\/#website\"},\"datePublished\":\"2019-03-21T13:20:13+00:00\",\"dateModified\":\"2019-03-21T13:34:35+00:00\",\"inLanguage\":\"fr-FR\",\"potentialAction\":[{\"@type\":\"ReadAction\",\"target\":[\"https:\/\/www.poteriedelacure.fr\/index.php\/2019\/03\/21\/matieres-a\/\"]}]},{\"@type\":\"WebSite\",\"@id\":\"https:\/\/www.poteriedelacure.fr\/#website\",\"url\":\"https:\/\/www.poteriedelacure.fr\/\",\"name\":\"Poterie de la Cure\",\"description\":\"C\u00e9ramique contemporaine\",\"publisher\":{\"@id\":\"https:\/\/www.poteriedelacure.fr\/#organization\"},\"potentialAction\":[{\"@type\":\"SearchAction\",\"target\":{\"@type\":\"EntryPoint\",\"urlTemplate\":\"https:\/\/www.poteriedelacure.fr\/?s={search_term_string}\"},\"query-input\":{\"@type\":\"PropertyValueSpecification\",\"valueRequired\":true,\"valueName\":\"search_term_string\"}}],\"inLanguage\":\"fr-FR\"},{\"@type\":\"Organization\",\"@id\":\"https:\/\/www.poteriedelacure.fr\/#organization\",\"name\":\"Poterie de la Cure\",\"url\":\"https:\/\/www.poteriedelacure.fr\/\",\"logo\":{\"@type\":\"ImageObject\",\"inLanguage\":\"fr-FR\",\"@id\":\"https:\/\/www.poteriedelacure.fr\/#\/schema\/logo\/image\/\",\"url\":\"https:\/\/www.poteriedelacure.fr\/wp-content\/uploads\/2017\/06\/Logo.png\",\"contentUrl\":\"https:\/\/www.poteriedelacure.fr\/wp-content\/uploads\/2017\/06\/Logo.png\",\"width\":818,\"height\":818,\"caption\":\"Poterie de la Cure\"},\"image\":{\"@id\":\"https:\/\/www.poteriedelacure.fr\/#\/schema\/logo\/image\/\"},\"sameAs\":[\"https:\/\/facebook\/poteriedelacure\"]},{\"@type\":\"Person\",\"@id\":\"https:\/\/www.poteriedelacure.fr\/#\/schema\/person\/0cb9baf70ea6da28985c46b90ec2f611\",\"name\":\"poteriedelacure\",\"image\":{\"@type\":\"ImageObject\",\"inLanguage\":\"fr-FR\",\"@id\":\"https:\/\/www.poteriedelacure.fr\/#\/schema\/person\/image\/\",\"url\":\"https:\/\/secure.gravatar.com\/avatar\/c46c1d9d00d32e262b10efb50db202dcc25e61f074cd4740b7042796bc8150f7?s=96&d=mm&r=g\",\"contentUrl\":\"https:\/\/secure.gravatar.com\/avatar\/c46c1d9d00d32e262b10efb50db202dcc25e61f074cd4740b7042796bc8150f7?s=96&d=mm&r=g\",\"caption\":\"poteriedelacure\"},\"url\":\"https:\/\/www.poteriedelacure.fr\/index.php\/author\/poteriedelacure\/\"}]}<\/script>\n<!-- \/ Yoast SEO plugin. -->","yoast_head_json":{"title":"- Poterie de la Cure","robots":{"index":"index","follow":"follow","max-snippet":"max-snippet:-1","max-image-preview":"max-image-preview:large","max-video-preview":"max-video-preview:-1"},"canonical":"https:\/\/www.poteriedelacure.fr\/index.php\/2019\/03\/21\/matieres-a\/","og_locale":"fr_FR","og_type":"article","og_title":"- Poterie de la Cure","og_url":"https:\/\/www.poteriedelacure.fr\/index.php\/2019\/03\/21\/matieres-a\/","og_site_name":"Poterie de la Cure","article_publisher":"https:\/\/facebook\/poteriedelacure","article_published_time":"2019-03-21T13:20:13+00:00","article_modified_time":"2019-03-21T13:34:35+00:00","author":"poteriedelacure","twitter_card":"summary_large_image","twitter_misc":{"\u00c9crit par":"poteriedelacure","Dur\u00e9e de lecture estim\u00e9e":"3 minutes"},"schema":{"@context":"https:\/\/schema.org","@graph":[{"@type":"Article","@id":"https:\/\/www.poteriedelacure.fr\/index.php\/2019\/03\/21\/matieres-a\/#article","isPartOf":{"@id":"https:\/\/www.poteriedelacure.fr\/index.php\/2019\/03\/21\/matieres-a\/"},"author":{"name":"poteriedelacure","@id":"https:\/\/www.poteriedelacure.fr\/#\/schema\/person\/0cb9baf70ea6da28985c46b90ec2f611"},"headline":"Aucun titre","datePublished":"2019-03-21T13:20:13+00:00","dateModified":"2019-03-21T13:34:35+00:00","mainEntityOfPage":{"@id":"https:\/\/www.poteriedelacure.fr\/index.php\/2019\/03\/21\/matieres-a\/"},"wordCount":598,"publisher":{"@id":"https:\/\/www.poteriedelacure.fr\/#organization"},"inLanguage":"fr-FR"},{"@type":"WebPage","@id":"https:\/\/www.poteriedelacure.fr\/index.php\/2019\/03\/21\/matieres-a\/","url":"https:\/\/www.poteriedelacure.fr\/index.php\/2019\/03\/21\/matieres-a\/","name":"- Poterie de la Cure","isPartOf":{"@id":"https:\/\/www.poteriedelacure.fr\/#website"},"datePublished":"2019-03-21T13:20:13+00:00","dateModified":"2019-03-21T13:34:35+00:00","inLanguage":"fr-FR","potentialAction":[{"@type":"ReadAction","target":["https:\/\/www.poteriedelacure.fr\/index.php\/2019\/03\/21\/matieres-a\/"]}]},{"@type":"WebSite","@id":"https:\/\/www.poteriedelacure.fr\/#website","url":"https:\/\/www.poteriedelacure.fr\/","name":"Poterie de la Cure","description":"C\u00e9ramique contemporaine","publisher":{"@id":"https:\/\/www.poteriedelacure.fr\/#organization"},"potentialAction":[{"@type":"SearchAction","target":{"@type":"EntryPoint","urlTemplate":"https:\/\/www.poteriedelacure.fr\/?s={search_term_string}"},"query-input":{"@type":"PropertyValueSpecification","valueRequired":true,"valueName":"search_term_string"}}],"inLanguage":"fr-FR"},{"@type":"Organization","@id":"https:\/\/www.poteriedelacure.fr\/#organization","name":"Poterie de la Cure","url":"https:\/\/www.poteriedelacure.fr\/","logo":{"@type":"ImageObject","inLanguage":"fr-FR","@id":"https:\/\/www.poteriedelacure.fr\/#\/schema\/logo\/image\/","url":"https:\/\/www.poteriedelacure.fr\/wp-content\/uploads\/2017\/06\/Logo.png","contentUrl":"https:\/\/www.poteriedelacure.fr\/wp-content\/uploads\/2017\/06\/Logo.png","width":818,"height":818,"caption":"Poterie de la Cure"},"image":{"@id":"https:\/\/www.poteriedelacure.fr\/#\/schema\/logo\/image\/"},"sameAs":["https:\/\/facebook\/poteriedelacure"]},{"@type":"Person","@id":"https:\/\/www.poteriedelacure.fr\/#\/schema\/person\/0cb9baf70ea6da28985c46b90ec2f611","name":"poteriedelacure","image":{"@type":"ImageObject","inLanguage":"fr-FR","@id":"https:\/\/www.poteriedelacure.fr\/#\/schema\/person\/image\/","url":"https:\/\/secure.gravatar.com\/avatar\/c46c1d9d00d32e262b10efb50db202dcc25e61f074cd4740b7042796bc8150f7?s=96&d=mm&r=g","contentUrl":"https:\/\/secure.gravatar.com\/avatar\/c46c1d9d00d32e262b10efb50db202dcc25e61f074cd4740b7042796bc8150f7?s=96&d=mm&r=g","caption":"poteriedelacure"},"url":"https:\/\/www.poteriedelacure.fr\/index.php\/author\/poteriedelacure\/"}]}},"_links":{"self":[{"href":"https:\/\/www.poteriedelacure.fr\/index.php\/wp-json\/wp\/v2\/posts\/3661","targetHints":{"allow":["GET"]}}],"collection":[{"href":"https:\/\/www.poteriedelacure.fr\/index.php\/wp-json\/wp\/v2\/posts"}],"about":[{"href":"https:\/\/www.poteriedelacure.fr\/index.php\/wp-json\/wp\/v2\/types\/post"}],"author":[{"embeddable":true,"href":"https:\/\/www.poteriedelacure.fr\/index.php\/wp-json\/wp\/v2\/users\/1"}],"replies":[{"embeddable":true,"href":"https:\/\/www.poteriedelacure.fr\/index.php\/wp-json\/wp\/v2\/comments?post=3661"}],"version-history":[{"count":4,"href":"https:\/\/www.poteriedelacure.fr\/index.php\/wp-json\/wp\/v2\/posts\/3661\/revisions"}],"predecessor-version":[{"id":3666,"href":"https:\/\/www.poteriedelacure.fr\/index.php\/wp-json\/wp\/v2\/posts\/3661\/revisions\/3666"}],"wp:attachment":[{"href":"https:\/\/www.poteriedelacure.fr\/index.php\/wp-json\/wp\/v2\/media?parent=3661"}],"wp:term":[{"taxonomy":"category","embeddable":true,"href":"https:\/\/www.poteriedelacure.fr\/index.php\/wp-json\/wp\/v2\/categories?post=3661"},{"taxonomy":"post_tag","embeddable":true,"href":"https:\/\/www.poteriedelacure.fr\/index.php\/wp-json\/wp\/v2\/tags?post=3661"}],"curies":[{"name":"wp","href":"https:\/\/api.w.org\/{rel}","templated":true}]}}